{"id":18808,"date":"2022-03-30T10:54:29","date_gmt":"2022-03-30T14:54:29","guid":{"rendered":"https:\/\/autosector.com\/?p=18808"},"modified":"2022-03-30T10:54:29","modified_gmt":"2022-03-30T14:54:29","slug":"rolls-royce-puts-all-electric-spectre-through-winter-tests-near-the-arctic-circle-as-part-of-2-5-million-km-testing-program","status":"publish","type":"post","link":"http:\/\/autosector.com\/?p=18808","title":{"rendered":"Rolls-Royce puts all-electric Spectre through winter tests near the Arctic Circle as part of 2.5 million km testing program"},"content":{"rendered":"<p>British luxury automaker <a href=\"https:\/\/electrek.co\/guides\/rolls-royce\/\">Rolls-Royce Motor Cars<\/a> has shared the latest update regarding its upcoming all-electric Spectre, as it has endured winter testing in Sweden in temperatures as low as -40\u2103 (-40\u2109). With the completion of winter testing, Rolls-Royce has shared that the Spectre has now covered 25% of the 2.5 million planned test kilometers (~1.55 million miles), simulating 400 years of use on the new EV.<\/p>\n<p>Rolls-Royce is a luxury automaker with over a century of experience dating back to the early 1900s in England. Since that time, the \u201cRR\u201d logo has seen several name changes and business divisions, separating into a Holdings company <a href=\"https:\/\/electrek.co\/2021\/11\/22\/rolls-royce-proclaims-spirit-of-innovation-e-plane-fastest-electric-vehicle-in-the-world-at-387-mph\/\">to build aircraft engines<\/a>, and a motor company to focus on luxury vehicles.<\/p>\n<p>Since 2003, Rolls-Royce Motor Cars has been owned by <a href=\"https:\/\/electrek.co\/guides\/bmw\/\">BMW AG<\/a>, producing famed vehicles like <a href=\"https:\/\/www.carsdirect.com\/buildyourcar\/style?make=rolls-royce&amp;model=ghost&amp;src=1001054&amp;lnk=subIDSCOOTER\">the Ghost<\/a> and Wraith. Despite a well-documented history in combustion, company founder Charles Rolls predicted an all-electric future following a drive in an electric car in 1900:<\/p>\n<blockquote class=\"wp-block-quote\" readability=\"6\">\n<p>The electric car is perfectly noiseless and clean. There is no smell or vibration. They should become very useful when fixed charging stations can be arranged.<\/p>\n<\/blockquote>\n<p>The current iteration of Rolls\u2019 company began to bring this prophecy into reality in 2011, by showcasing an electric Phantom concept called the 102EX. This was followed by <a href=\"https:\/\/electrek.co\/2016\/06\/16\/rolls-royce-electric-self-driving-concept\/\">the truly futuristic 103X<\/a> alongside plans to eventually go all-electric, <a href=\"https:\/\/electrek.co\/2017\/12\/05\/rolls-royce-phantom-all-electric\/\">skipping PHEVs altogether<\/a>. <\/p>\n<p>Last September, Rolls-Royce unveiled the Spectre \u2013 its first all-electric, production-intent model and the first model toward the automaker\u2019s <a href=\"https:\/\/electrek.co\/2021\/09\/29\/rolls-royce-unveils-first-electric-car-spectre-go-all-electric-2030\/\">vow to go all-electric by 2030<\/a>. Before the Rolls-Royce Spectre can reach customers in late 2023, it must endure 2.5 million km of testing, including winter conditions below freezing.<\/p>\n<figure class=\"wp-block-image alignwide size-large\"><img fetchpriority=\"high\" decoding=\"async\" title=\"Rolls-Royce puts all-electric Spectre through winter tests near the Arctic Circle as part of 2.5 million km testing program\" width=\"2000\" height=\"1000\" src=\"https:\/\/electrek.co\/wp-content\/uploads\/sites\/3\/2022\/03\/Rolls-Royce-Spectre-Winter-Testing.jpg?quality=82&amp;strip=all&amp;w=1000\" alt=\"Rolls-Royce Spectre\" class=\"wp-image-231721\" srcset=\"https:\/\/electrek.co\/wp-content\/uploads\/sites\/3\/2022\/03\/Rolls-Royce-Spectre-Winter-Testing.jpg 2000w, https:\/\/electrek.co\/wp-content\/uploads\/sites\/3\/2022\/03\/Rolls-Royce-Spectre-Winter-Testing.jpg?resize=150,75 150w, https:\/\/electrek.co\/wp-content\/uploads\/sites\/3\/2022\/03\/Rolls-Royce-Spectre-Winter-Testing.jpg?resize=300,150 300w, https:\/\/electrek.co\/wp-content\/uploads\/sites\/3\/2022\/03\/Rolls-Royce-Spectre-Winter-Testing.jpg?resize=768,384 768w, https:\/\/electrek.co\/wp-content\/uploads\/sites\/3\/2022\/03\/Rolls-Royce-Spectre-Winter-Testing.jpg?resize=1024,512 1024w, https:\/\/electrek.co\/wp-content\/uploads\/sites\/3\/2022\/03\/Rolls-Royce-Spectre-Winter-Testing.jpg?resize=1536,768 1536w, https:\/\/electrek.co\/wp-content\/uploads\/sites\/3\/2022\/03\/Rolls-Royce-Spectre-Winter-Testing.jpg?resize=350,175 350w, https:\/\/electrek.co\/wp-content\/uploads\/sites\/3\/2022\/03\/Rolls-Royce-Spectre-Winter-Testing.jpg?resize=1600,800 1600w, https:\/\/electrek.co\/wp-content\/uploads\/sites\/3\/2022\/03\/Rolls-Royce-Spectre-Winter-Testing.jpg?resize=290,145 290w\" sizes=\"(max-width: 2000px) 100vw, 2000px\"\/><figcaption>The upcoming Spectre during winter testing in Sweden \/ Source: Rolls-Royce<\/figcaption><\/figure>\n<h2 id=\"h-rolls-royce-spectre-hits-winter-testing-with-more-to-come\">Rolls-Royce Spectre hits winter testing with more to come<\/h2>\n<p>According to a <a href=\"https:\/\/newspressuk.com\/releases\/companyView\/102041\">recent press release<\/a> from Rolls-Royce Motor Cars, the Spectre recently completed winter testing at a bespoke facility in Arjeplog, Sweden, just 55 km (34 mi) from the Arctic Circle. Testing included basic functions as well as vehicle refinements in temperatures ranging between -26 and -40\u2103.<\/p>\n<p>During its time in Sweden, the Rolls-Royce team monitored ride factors like noise, vibration, and harshness, but also tested efficiencies in systems like heating, ventilation, air-conditioning, and cooling. The release elaborates on a technique it calls \u201cde-escalated time\u201d:<\/p>\n<blockquote class=\"wp-block-quote\" readability=\"15\">\n<p>By driving on low traction surfaces such as snow and ice and willfully destabilizing Spectre, the engineers can create dynamic circumstances at low speeds that would ordinarily occur at high speeds. This can be reviewed and guided in situ and in slow motion, in doing so parametrizing and finessing cold-weather vehicle performance in areas such as handling, controllability, stability, predictability and the \u2018waftability\u2019 that defines the Rolls-Royce experience. De-escalated time enables engineers to create unparalleled detail in the motor car\u2019s response, in doing so schooling Spectre to think, behave and communicate like a Rolls-Royce worthy of the marque.<\/p>\n<\/blockquote>\n<p>While this will be the first all-electric vehicle to reach production for Rolls-Royce, it represents more than that. It will be the most connected Rolls-Royce ever, with over 1,000 different functions and 25,000 sub-functions. It will also feature the automaker\u2019s previous aluminum spaceframe architecture, now integrated with a fully-electric powertrain. <\/p>\n<p>With the components above combined, the Spectre represents \u201cRolls-Royce 3.0\u201d and its dawn of an all-electric era. Although winter testing is now complete, the Spectre has a long way to go according to CEO Torsten M\u00fcller-\u00d6tv\u00f6s:<\/p>\n<blockquote class=\"wp-block-quote\" readability=\"14\">\n<p>The announcement of every new Rolls-Royce motor car carries a great weight of expectation, but Spectre is unquestionably the most anticipated product in the marque\u2019s modern history. This is because it is much more than a product. It is a symbol for our bright, bold electric future, and it represents a seismic shift in our powertrain technology. It is for this reason that we have created a testing program that is as significant and historical as Spectre itself. The extraordinary undertaking of educating Spectre to think and behave like a Rolls-Royce will cover 2.5 million kilometers, which is a simulation of more than 400 years of use for a Rolls-Royce. Today, I can confirm that 25% of this journey is now complete, and the results have met our most ambitious expectations.<\/p>\n<\/blockquote>\n<p>Where the Spectre will be tested next is unclear, but by our math it still has about 1.875 million km to go. According to Rolls-Royce, initial customer deliveries of the Spectre are expected to begin in the fourth quarter of 2023. Check out the Spectre in action below:<\/p>\n<figure class=\"wp-block-embed alignwide is-type-video is-provider-youtube wp-block-embed-youtube wp-embed-aspect-16-9 wp-has-aspect-ratio\">\n<p>\n<iframe loading=\"lazy\" id=\"post-youtube-video\" title=\"Spectre Winter Testing | Rolls-Royce\" width=\"1000\" height=\"563\" src=\"https:\/\/www.youtube.com\/embed\/9YNhZh96vKs?feature=oembed&amp;rel=0&amp;enablejsapi=1\" frameborder=\"0\" allow=\"accelerometer; autoplay; clipboard-write; encrypted-media; gyroscope; picture-in-picture\" allowfullscreen=\"\">[embedded content]<\/iframe>\n<\/p>\n<\/figure>\n<div class=\"ad-disclaimer-container\" readability=\"6.3518518518519\">\n<p class=\"disclaimer-affiliate\"><em>FTC: We use income earning auto affiliate links.<\/em> <a href=\"https:\/\/electrek.co\/about\/#affiliate\">More.<\/a><\/p>\n<p><!-- post ad --><\/div>\n<hr\/>\n<p><a href=\"https:\/\/www.youtube.com\/channel\/UCcOIZzJgLCyMPILY7-1Vsdg?sub_confirmation=1\">Subscribe to Electrek on YouTube for exclusive videos<\/a> and subscribe to the <a href=\"https:\/\/www.electrek.co\/guides\/electrek-podcast\">podcast<\/a>.<!-- youtube embed --><\/p>\n<p><iframe title=\"Recent Videos\" src=\"https:\/\/www.youtube.com\/embed\/avXKhKnR41I?playlist=qBzWg4S9Md4,enyWoXSasqw,KRgALaAaDTQ,0LYMmd8dCRQ,ufmo-nd_OIA,nE7-GVIzS24,nEGV0l67HTo,wRbyIzOmx-g,Ta6AMZ4Gx98\" frameborder=\"0\" allow=\"accelerometer; autoplay; encrypted-media; gyroscope; picture-in-picture\" allowfullscreen=\"\" width=\"1000\" height=\"563\">[embedded content]<\/iframe><\/p>\n","protected":false},"excerpt":{"rendered":"<p>British luxury automaker Rolls-Royce Motor Cars has shared the latest update regarding its upcoming all-electric Spectre, as it has endured winter testing in Sweden in temperatures as low as -40\u2103 (-40\u2109). With the completion of winter testing, Rolls-Royce has shared that the Spectre has now covered 25% of the 2.5 million planned test kilometers (~1.55 [&hellip;]<\/p>\n","protected":false},"author":1,"featured_media":8313,"comment_status":"closed","ping_status":"closed","sticky":false,"template":"","format":"standard","meta":{"site-sidebar-layout":"default","site-content-layout":"","ast-site-content-layout":"default","site-content-style":"default","site-sidebar-style":"default","ast-global-header-display":"","ast-banner-title-visibility":"","ast-main-header-display":"","ast-hfb-above-header-display":"","ast-hfb-below-header-display":"","ast-hfb-mobile-header-display":"","site-post-title":"","ast-breadcrumbs-content":"","ast-featured-img":"","footer-sml-layout":"","ast-disable-related-posts":"","theme-transparent-header-meta":"","adv-header-id-meta":"","stick-header-meta":"","header-above-stick-meta":"","header-main-stick-meta":"","header-below-stick-meta":"","astra-migrate-meta-layouts":"default","ast-page-background-enabled":"default","ast-page-background-meta":{"desktop":{"background-color":"","background-image":"","background-repeat":"repeat","background-position":"center center","background-size":"auto","background-attachment":"scroll","background-type":"","background-media":"","overlay-type":"","overlay-color":"","overlay-opacity":"","overlay-gradient":""},"tablet":{"background-color":"","background-image":"","background-repeat":"repeat","background-position":"center center","background-size":"auto","background-attachment":"scroll","background-type":"","background-media":"","overlay-type":"","overlay-color":"","overlay-opacity":"","overlay-gradient":""},"mobile":{"background-color":"","background-image":"","background-repeat":"repeat","background-position":"center center","background-size":"auto","background-attachment":"scroll","background-type":"","background-media":"","overlay-type":"","overlay-color":"","overlay-opacity":"","overlay-gradient":""}},"ast-content-background-meta":{"desktop":{"background-color":"var(--ast-global-color-5)","background-image":"","background-repeat":"repeat","background-position":"center center","background-size":"auto","background-attachment":"scroll","background-type":"","background-media":"","overlay-type":"","overlay-color":"","overlay-opacity":"","overlay-gradient":""},"tablet":{"background-color":"var(--ast-global-color-5)","background-image":"","background-repeat":"repeat","background-position":"center center","background-size":"auto","background-attachment":"scroll","background-type":"","background-media":"","overlay-type":"","overlay-color":"","overlay-opacity":"","overlay-gradient":""},"mobile":{"background-color":"var(--ast-global-color-5)","background-image":"","background-repeat":"repeat","background-position":"center center","background-size":"auto","background-attachment":"scroll","background-type":"","background-media":"","overlay-type":"","overlay-color":"","overlay-opacity":"","overlay-gradient":""}},"footnotes":""},"categories":[4],"tags":[],"class_list":["post-18808","post","type-post","status-publish","format-standard","has-post-thumbnail","hentry","category-e-cars"],"_links":{"self":[{"href":"http:\/\/autosector.com\/index.php?rest_route=\/wp\/v2\/posts\/18808","targetHints":{"allow":["GET"]}}],"collection":[{"href":"http:\/\/autosector.com\/index.php?rest_route=\/wp\/v2\/posts"}],"about":[{"href":"http:\/\/autosector.com\/index.php?rest_route=\/wp\/v2\/types\/post"}],"author":[{"embeddable":true,"href":"http:\/\/autosector.com\/index.php?rest_route=\/wp\/v2\/users\/1"}],"replies":[{"embeddable":true,"href":"http:\/\/autosector.com\/index.php?rest_route=%2Fwp%2Fv2%2Fcomments&post=18808"}],"version-history":[{"count":0,"href":"http:\/\/autosector.com\/index.php?rest_route=\/wp\/v2\/posts\/18808\/revisions"}],"wp:featuredmedia":[{"embeddable":true,"href":"http:\/\/autosector.com\/index.php?rest_route=\/wp\/v2\/media\/8313"}],"wp:attachment":[{"href":"http:\/\/autosector.com\/index.php?rest_route=%2Fwp%2Fv2%2Fmedia&parent=18808"}],"wp:term":[{"taxonomy":"category","embeddable":true,"href":"http:\/\/autosector.com\/index.php?rest_route=%2Fwp%2Fv2%2Fcategories&post=18808"},{"taxonomy":"post_tag","embeddable":true,"href":"http:\/\/autosector.com\/index.php?rest_route=%2Fwp%2Fv2%2Ftags&post=18808"}],"curies":[{"name":"wp","href":"https:\/\/api.w.org\/{rel}","templated":true}]}}