{"id":36643,"date":"2022-11-22T10:47:59","date_gmt":"2022-11-22T15:47:59","guid":{"rendered":"https:\/\/autosector.com\/?p=36643"},"modified":"2022-11-22T10:47:59","modified_gmt":"2022-11-22T15:47:59","slug":"madrid-police-force-gets-169-electrified-bmw-vehicles","status":"publish","type":"post","link":"http:\/\/autosector.com\/?p=36643","title":{"rendered":"Madrid Police Force Gets 169 Electrified BMW Vehicles"},"content":{"rendered":"<p>After nine years and over 250,000 cars assembled, <a href=\"https:\/\/www.bmwblog.com\/2022\/06\/30\/bmw-i3-production-ends-after-nine-years-and-250000-vehicles\/\">BMW ended production of the quirky i3 hatchback back in June<\/a>. However, some of the final vehicles were not delivered until earlier this week at a dedicated event in Spain. Police in Madrid took delivery of 169 vehicles, a third of which were fully electric (i3) and plug-in hybrid (2 Series Active Tourer 225xe). In total, Madrid police have more than 470 cars from different brands in its portfolio and all have some type of special protection equipment.<\/p>\n<p>Three additional models are now part of the police fleet, and all have mild-hybrid powertrains: 2 Series Active Tourer 220i, 5 Series Sedan 530i, and X5 xDrive30d. These vehicles will perform various duties as the EV duo will patrol the streets of central Madrid while the 48V models will be used in the city\u2019s low-emission zone. As for the SUV, it has been accessorized with a snowplow, extra lights, and a winch.<\/p>\n<p><noscript><img fetchpriority=\"high\" decoding=\"async\" class=\"alignnone size-medium wp-image-440151\" src=\"https:\/\/cdn.bmwblog.com\/wp-content\/uploads\/2022\/11\/bmw-police-cars-madrid-20-830x623.jpg\" alt=\"bmw police cars madrid 20 830x623\" width=\"830\" height=\"623\" srcset=\"https:\/\/cdn.bmwblog.com\/wp-content\/uploads\/2022\/11\/bmw-police-cars-madrid-20-830x623.jpg 830w, https:\/\/cdn.bmwblog.com\/wp-content\/uploads\/2022\/11\/bmw-police-cars-madrid-20-1365x1024.jpg 1365w, https:\/\/cdn.bmwblog.com\/wp-content\/uploads\/2022\/11\/bmw-police-cars-madrid-20-768x576.jpg 768w, https:\/\/cdn.bmwblog.com\/wp-content\/uploads\/2022\/11\/bmw-police-cars-madrid-20-1536x1152.jpg 1536w, https:\/\/cdn.bmwblog.com\/wp-content\/uploads\/2022\/11\/bmw-police-cars-madrid-20.jpg 1920w\" sizes=\"(max-width: 830px) 100vw, 830px\" title=\"image of bmw police cars madrid 20 830x623\"\/><\/noscript><img decoding=\"async\" class=\"lazyload alignnone size-medium wp-image-440151\" src=\"data:image\/svg+xml,%3Csvg%20xmlns=%22http:\/\/www.w3.org\/2000\/svg%22%20viewBox=%220%200%20830%20623%22%3E%3C\/svg%3E\" data-src=\"https:\/\/cdn.bmwblog.com\/wp-content\/uploads\/2022\/11\/bmw-police-cars-madrid-20-830x623.jpg\" alt=\"bmw police cars madrid 20 830x623\" width=\"830\" height=\"623\" data-srcset=\"https:\/\/cdn.bmwblog.com\/wp-content\/uploads\/2022\/11\/bmw-police-cars-madrid-20-830x623.jpg 830w, https:\/\/cdn.bmwblog.com\/wp-content\/uploads\/2022\/11\/bmw-police-cars-madrid-20-1365x1024.jpg 1365w, https:\/\/cdn.bmwblog.com\/wp-content\/uploads\/2022\/11\/bmw-police-cars-madrid-20-768x576.jpg 768w, https:\/\/cdn.bmwblog.com\/wp-content\/uploads\/2022\/11\/bmw-police-cars-madrid-20-1536x1152.jpg 1536w, https:\/\/cdn.bmwblog.com\/wp-content\/uploads\/2022\/11\/bmw-police-cars-madrid-20.jpg 1920w\" data-sizes=\"(max-width: 830px) 100vw, 830px\" title=\"image of bmw police cars madrid 20 830x623\"\/><\/p>\n<p>The official handover took place on Monday at the Cibeles Palace\u00a0where Madrid mayor Jos\u00e9 Luis Mart\u00ednez-Alm\u00e9ida attended the event. Manuel Terroba, executive president of BMW Group Spain and Portugal, was also there. They were joined by the general director of the Municipal Police, Pablo Enrique Rodriguez P\u00e9rez, and representatives of Alphabet (BMW Group leasing company).<\/p>\n<p>The latest announcement comes after BMW Switzerland unveiled an <a href=\"https:\/\/www.bmwblog.com\/2022\/09\/01\/first-bmw-ix-police-car-in-the-world\/\">iX police car<\/a> in September while the Czech Republic got a <a href=\"https:\/\/www.bmwblog.com\/2022\/07\/18\/bmw-540i-touring-police-car-czech-republic\/\">540i Touring<\/a> a few months ago. The new X1 compact crossover is likely to perform police car duties sooner or later considering a camouflaged prototype was seen this summer with special equipment.<\/p>\n<p>Last year, 3 Series Touring police cars in Germany received a new livery with a white, blue, and yellow color scheme. At the end of 2021, <a href=\"https:\/\/www.bmwblog.com\/2021\/12\/18\/bmw-m3-added-to-victoria-police-force-line-up-in-australia\/\">Victoria Police Force in Australia received an M3<\/a> for its highway patrol fleet to replace an M5 Competition they had on a one-year loan.<\/p>\n<p>Source: BMW Spain<\/p>\n","protected":false},"excerpt":{"rendered":"<p>After nine years and over 250,000 cars assembled, BMW ended production of the quirky i3 hatchback back in June. However, some of the final vehicles were not delivered until earlier this week at a dedicated event in Spain. Police in Madrid took delivery of 169 vehicles, a third of which were fully electric (i3) and [&hellip;]<\/p>\n","protected":false},"author":22,"featured_media":36644,"comment_status":"closed","ping_status":"closed","sticky":false,"template":"","format":"standard","meta":{"site-sidebar-layout":"default","site-content-layout":"","ast-site-content-layout":"default","site-content-style":"default","site-sidebar-style":"default","ast-global-header-display":"","ast-banner-title-visibility":"","ast-main-header-display":"","ast-hfb-above-header-display":"","ast-hfb-below-header-display":"","ast-hfb-mobile-header-display":"","site-post-title":"","ast-breadcrumbs-content":"","ast-featured-img":"","footer-sml-layout":"","ast-disable-related-posts":"","theme-transparent-header-meta":"","adv-header-id-meta":"","stick-header-meta":"","header-above-stick-meta":"","header-main-stick-meta":"","header-below-stick-meta":"","astra-migrate-meta-layouts":"default","ast-page-background-enabled":"default","ast-page-background-meta":{"desktop":{"background-color":"","background-image":"","background-repeat":"repeat","background-position":"center center","background-size":"auto","background-attachment":"scroll","background-type":"","background-media":"","overlay-type":"","overlay-color":"","overlay-opacity":"","overlay-gradient":""},"tablet":{"background-color":"","background-image":"","background-repeat":"repeat","background-position":"center center","background-size":"auto","background-attachment":"scroll","background-type":"","background-media":"","overlay-type":"","overlay-color":"","overlay-opacity":"","overlay-gradient":""},"mobile":{"background-color":"","background-image":"","background-repeat":"repeat","background-position":"center center","background-size":"auto","background-attachment":"scroll","background-type":"","background-media":"","overlay-type":"","overlay-color":"","overlay-opacity":"","overlay-gradient":""}},"ast-content-background-meta":{"desktop":{"background-color":"var(--ast-global-color-5)","background-image":"","background-repeat":"repeat","background-position":"center center","background-size":"auto","background-attachment":"scroll","background-type":"","background-media":"","overlay-type":"","overlay-color":"","overlay-opacity":"","overlay-gradient":""},"tablet":{"background-color":"var(--ast-global-color-5)","background-image":"","background-repeat":"repeat","background-position":"center center","background-size":"auto","background-attachment":"scroll","background-type":"","background-media":"","overlay-type":"","overlay-color":"","overlay-opacity":"","overlay-gradient":""},"mobile":{"background-color":"var(--ast-global-color-5)","background-image":"","background-repeat":"repeat","background-position":"center center","background-size":"auto","background-attachment":"scroll","background-type":"","background-media":"","overlay-type":"","overlay-color":"","overlay-opacity":"","overlay-gradient":""}},"footnotes":""},"categories":[2],"tags":[],"class_list":["post-36643","post","type-post","status-publish","format-standard","has-post-thumbnail","hentry","category-industry"],"_links":{"self":[{"href":"http:\/\/autosector.com\/index.php?rest_route=\/wp\/v2\/posts\/36643","targetHints":{"allow":["GET"]}}],"collection":[{"href":"http:\/\/autosector.com\/index.php?rest_route=\/wp\/v2\/posts"}],"about":[{"href":"http:\/\/autosector.com\/index.php?rest_route=\/wp\/v2\/types\/post"}],"author":[{"embeddable":true,"href":"http:\/\/autosector.com\/index.php?rest_route=\/wp\/v2\/users\/22"}],"replies":[{"embeddable":true,"href":"http:\/\/autosector.com\/index.php?rest_route=%2Fwp%2Fv2%2Fcomments&post=36643"}],"version-history":[{"count":0,"href":"http:\/\/autosector.com\/index.php?rest_route=\/wp\/v2\/posts\/36643\/revisions"}],"wp:featuredmedia":[{"embeddable":true,"href":"http:\/\/autosector.com\/index.php?rest_route=\/wp\/v2\/media\/36644"}],"wp:attachment":[{"href":"http:\/\/autosector.com\/index.php?rest_route=%2Fwp%2Fv2%2Fmedia&parent=36643"}],"wp:term":[{"taxonomy":"category","embeddable":true,"href":"http:\/\/autosector.com\/index.php?rest_route=%2Fwp%2Fv2%2Fcategories&post=36643"},{"taxonomy":"post_tag","embeddable":true,"href":"http:\/\/autosector.com\/index.php?rest_route=%2Fwp%2Fv2%2Ftags&post=36643"}],"curies":[{"name":"wp","href":"https:\/\/api.w.org\/{rel}","templated":true}]}}