{"id":83644,"date":"2025-09-11T09:40:31","date_gmt":"2025-09-11T13:40:31","guid":{"rendered":"http:\/\/autosector.com\/?p=83644"},"modified":"2025-09-11T09:40:31","modified_gmt":"2025-09-11T13:40:31","slug":"la-tournee-les-ve-vont-partout-de-plugn-drive-arrive-dans-la-ville-de-quebec-pour-offrir-education-et-essais-gratuits-de-ve","status":"publish","type":"post","link":"http:\/\/autosector.com\/?p=83644","title":{"rendered":"La Tourn\u00e9e Les VE vont partout de Plug\u2019n Drive arrive dans la Ville de Qu\u00e9bec pour offrir \u00e9ducation et essais gratuits de VE &#8211; Plug&#8217;n Drive Canada"},"content":{"rendered":"<p><!-- added tj - to add the single post thumbnail --><br \/>\n\t\t\t\t\t<img fetchpriority=\"high\" width=\"2074\" height=\"1446\" src=\"https:\/\/www.plugndrive.ca\/wp-content\/uploads\/2025\/09\/2025-07-04-13-34-07-1-scaled-e1757597609495.jpg\" class=\"img-responsive responsive--full alignright featured-post-single-img wp-post-image\" alt=\"\" decoding=\"async\" fetchpriority=\"high\" srcset=\"https:\/\/www.plugndrive.ca\/wp-content\/uploads\/2025\/09\/2025-07-04-13-34-07-1-scaled-e1757597609495.jpg 2074w, https:\/\/www.plugndrive.ca\/wp-content\/uploads\/2025\/09\/2025-07-04-13-34-07-1-scaled-e1757597609495-300x209.jpg 300w, https:\/\/www.plugndrive.ca\/wp-content\/uploads\/2025\/09\/2025-07-04-13-34-07-1-scaled-e1757597609495-1024x714.jpg 1024w, https:\/\/www.plugndrive.ca\/wp-content\/uploads\/2025\/09\/2025-07-04-13-34-07-1-scaled-e1757597609495-768x535.jpg 768w, https:\/\/www.plugndrive.ca\/wp-content\/uploads\/2025\/09\/2025-07-04-13-34-07-1-scaled-e1757597609495-1536x1071.jpg 1536w, https:\/\/www.plugndrive.ca\/wp-content\/uploads\/2025\/09\/2025-07-04-13-34-07-1-scaled-e1757597609495-2048x1428.jpg 2048w\" sizes=\"(max-width: 2074px) 100vw, 2074px\"\/>\t\t<\/p>\n<h3 class=\"wp-block-heading\">Du 18 septembre au 5 octobre, venez faire l\u2019exp\u00e9rience des VE, trouvez r\u00e9ponses \u00e0 vos questions aupr\u00e8s d\u2019experts locaux, et courrez la change de gagner 250 000 points Avion RBC!<\/h3>\n<p><strong>Ville de Qu\u00e9bec, Qc, 11 septembre, 2025<\/strong> \u2013 La <a href=\"https:\/\/www.plugndrive.ca\/les-ve-vont-partout\/\">Tourn\u00e9e pancanadienne Les VE vont partout<\/a> de Plug\u2019n Drive arrive \u00e0 Qu\u00e9bec avec sa Remorque d\u2019\u00e9ducation sur les VE (RDV) mobile ainsi qu\u2019une s\u00e9lection de nouveaux v\u00e9hicules \u00e9lectriques (VE) pour offrir des essais routiers d\u00e9contract\u00e9s dans la r\u00e9gion.<\/p>\n<p>La <a href=\"https:\/\/www.plugndrive.ca\/rdv-meet-quebec-city\/\">RDV de la Ville de Qu\u00e9bec<\/a> permettra aux automobilistes locaux de prendre le volant de divers v\u00e9hicules 100\u00a0% \u00e9lectriques et hybrides rechargeables, dont des camionnettes et des VUS \u00e9lectriques. Les visiteurs du si\u00e8ge social de CAA-Qu\u00e9bec pourront \u00e9changer avec des ambassadrices et ambassadeurs VE experts, dont la majorit\u00e9 sont aussi des propri\u00e9taires locaux de VE, \u00e0 propos de leur exp\u00e9rience avec la conduite d\u2019un v\u00e9hicule \u00e9lectrique \u00e0 l\u2019ann\u00e9e \u2013 une ressource pr\u00e9cieuse pour les consommateurs curieux \u00e0 propos des VE.<\/p>\n<p><strong>Gagnez 250\u00a0000 points Avion RBC<\/strong><\/p>\n<p>Lorsque vous visitez la RDV Ville de Qu\u00e9bec et faites l\u2019essai d\u2019un v\u00e9hicule \u00e9lectrique, vous pouvez participer au <strong>concours de la Tourn\u00e9e Les VE vont partout<\/strong>, pr\u00e9sent\u00e9 par RBC, notre commanditaire Champion national.<\/p>\n<p>Deux heureux gagnantes ou gagnants \u2014 l\u2019un(e) de l\u2019Est du Canada et l\u2019autre de l\u2019Ouest du Canada \u2014 recevront chacun(e) <strong>250\u00a0000 points Avion<\/strong>, soit assez de point pour les \u00e9changer contre une trottinette \u00e9lectrique, et plus encore.<\/p>\n<p><strong>Comment participer\u00a0:<\/strong><\/p>\n<ul class=\"wp-block-list\">\n<li>Rendez-vous \u00e0 un \u00e9v\u00e9nement de la RDV et balayez le code QR du concours pour participer.\u00a0<\/li>\n<li>Aucun achat requis. Une participation par personne. Ouvert \u00e0 tous les visiteurs de la RDV.\u00a0<\/li>\n<\/ul>\n<p>Du jeudi au dimanche, chaque semaine entre le 18 septembre et le 5 octobre, la <a href=\"https:\/\/www.plugndrive.ca\/rdv-meet-quebec-city\/\">RDV de la Ville de Qu\u00e9bec<\/a> aura lieu chez<strong> CAA Qu\u00e9bec, au 444, rue Bouvier, Qu\u00e9bec (G2J 1E3)<\/strong>. Les essais routiers seront offerts de 10 h \u00e0 17 h pendant ces journ\u00e9es.<\/p>\n<p>CAA-Qu\u00e9bec est le commanditaire pr\u00e9sentateur local et le commanditaire du remorquage au Qu\u00e9bec, permettant de d\u00e9placer la RDV dans la province gr\u00e2ce \u00e0 sa camionnette \u00e9lectrique GMC Silverado.<\/p>\n<p>Les autres efforts de CAA-Qu\u00e9bec en mati\u00e8re d\u2019\u00e9ducation sur les VE comprennent un <a href=\"https:\/\/evbuyersguide.caa.ca\/fr\/content\/vehicles\" target=\"_blank\" rel=\"noopener\">guide d\u2019achat de VE CAA<\/a> national. Ce dernier comprend des fonctionnalit\u00e9s de recherche de VE qui sugg\u00e8rent des v\u00e9hicules en fonction de vos habitudes de conduite (m\u00eame s\u2019il ne s\u2019agit pas de VE), ainsi que des listes des VE actuellement en vente au Canada et de ceux \u00e0 venir.<\/p>\n<p>\u00ab\u00a0C\u2019est excitant de constater le r\u00f4le de premier plan de la province de Qu\u00e9bec dans l\u2019adoption des VE au Canada. Nous sommes donc heureux de continuer sur cette lanc\u00e9e en aidant cette s\u00e9rie de VE, ainsi que de l\u2019information g\u00e9n\u00e9rale sur les VE, \u00e0 se rendre aux gens dans la ville historique de Qu\u00e9bec\u00a0\u00bb a d\u00e9clar\u00e9 Pierre-Serge Labb\u00e9, vice-pr\u00e9sident, Services en mobilit\u00e9 de CAA-Qu\u00e9bec.<\/p>\n<p>\u00ab\u00a0Chez CAA, nous avons cr\u00e9\u00e9 un guide d\u2019achat de VE en ligne pour aider les Canadiennes et Canadiens \u00e0 choisir le VE qui convient le mieux \u00e0 leur style de vie et \u00e0 leurs habitudes de conduite\u00a0\u00bb, ajoute M. Labb\u00e9. \u00ab\u00a0L\u2019opportunit\u00e9 d\u2019essayer plusieurs mod\u00e8les l\u2019un \u00e0 la suite de l\u2019autre et d\u2019\u00e9changer avec des conductrices et conducteurs de VE constitue une exp\u00e9rience r\u00e9v\u00e9latrice pour ceux qui ne les ont pas encore essay\u00e9s. \u00bb<\/p>\n<p>CAA-Qu\u00e9bec aura deux de ses propres ambassadrices et ambassadeurs VE sur place, aux c\u00f4t\u00e9s de membres de l\u2019Association des v\u00e9hicules \u00e9lectriques du Qu\u00e9bec (AV\u00c9Q), pour aider \u00e0 coordonner les essais routiers et r\u00e9pondre aux questions concernant les exp\u00e9riences locales en mati\u00e8res de VE et de leur recharge.<\/p>\n<p>On recommande aux conductrices et conducteurs int\u00e9ress\u00e9s de r\u00e9server un essai routier \u00e0 l\u2019avance pour <a href=\"https:\/\/www.plugndrive.ca\/rdv-meet-quebec-city\/\">RDV Ville de Qu\u00e9bec<\/a>. Les participations sans rendez-vous sont aussi les bienvenues. Il faut avoir au moins 21 ans et poss\u00e9der un permis de conduire valide pour participer \u00e0 un essai routier.<\/p>\n<p><strong>Liste des VE disponibles pour essais routiers (sujet \u00e0 changement)<\/strong><\/p>\n<ul class=\"wp-block-list\">\n<li><strong>2025 Chevrolet Equinox RS<\/strong> \u2013 VUS \u00e9lectrique \u00e0 batterie<\/li>\n<li><strong>2025 Chevrolet Silverado EV<\/strong> \u2013 Camionnette \u00e9lectrique \u00e0 traction int\u00e9grale<\/li>\n<li><strong>2024 Hyundai IONIQ 6<\/strong> \u2013 Berline \u00e9lectrique \u00e0 batterie<\/li>\n<li><strong>2024 Mitsubishi Outlander PHEV<\/strong> \u2013 VUS hybride rechargeable<\/li>\n<li><strong>2024 Volvo EX40 AWD<\/strong> \u2013 VUS \u00e9lectrique \u00e0 traction int\u00e9grale<\/li>\n<\/ul>\n<p><strong>Horaires des essais routiers \u00e0 la RDV Ville de Qu\u00e9bec<\/strong><\/p>\n<ul class=\"wp-block-list\">\n<li>Du jeudi 18 septembre au dimanche 21 septembre 2025, de 10 h \u00e0 17 h<\/li>\n<li>Du jeudi 25 septembre au dimanche 28 septembre 2025, de 10 h \u00e0 17 h<\/li>\n<li>Du jeudi 2 octobre au dimanche 5 octobre 2025, de 10 h \u00e0 17 h<\/li>\n<\/ul>\n<p>La <a href=\"https:\/\/www.plugndrive.ca\/rdv-meet-quebec-city\/\">RDV de la Ville de Qu\u00e9bec<\/a> est le huiti\u00e8me arr\u00eat de l\u2019\u00e9tape Est de notre <a href=\"https:\/\/www.plugndrive.ca\/les-ve-vont-partout\/\">Tourn\u00e9e pancanadienne Les VE vont partout<\/a> 2025. Pour en savoir davantage sur la Tourn\u00e9e et la RDV de Qu\u00e9bec, lisez l\u2019article du <em>Calgary Herald<\/em>\u00a0: <a href=\"https:\/\/calgaryherald.com\/sponsored\/business-sponsored\/plugn-drives-mobile-ev-education-trailer-meet-touches-down-in-banff-and-quebec-city\" target=\"_blank\" rel=\"noopener\">Plug\u2019n Drive\u2019s Mobile EV Education Trailer stops in Banff, Canmore and Quebec City<\/a>. (en anglais seulement)<\/p>\n<p><strong>Les Expositions ambulantes de VE auront lieu \u00e0 Qu\u00e9bec et \u00e0 Sainte-Anne-de-Beaupr\u00e9<\/strong><\/p>\n<p>Dans le cadre de la <a href=\"https:\/\/www.plugndrive.ca\/rdv-meet-quebec-city\/\">RDV de la Ville de Qu\u00e9bec<\/a>, trois Expositions ambulantes de VE auront lieu dans divers ateliers NAPA AUTOPRO et pi\u00e8ces d\u2019auto dans la Ville de Qu\u00e9bec et \u00e0 Sainte-Anne-de-Beaupr\u00e9. Les Expositions ambulantes de VE offrent des essais routiers de VE et permettent aux participants de d\u00e9couvrir concr\u00e8tement comment les v\u00e9hicules \u00e9lectriques peuvent s\u2019int\u00e9grer dans leur vie de tous les jours. Des ambassadrices et ambassadeurs VE comp\u00e9tents seront sur place pour r\u00e9pondre \u00e0 toutes vos questions.\u00a0<\/p>\n<p>NexDrive propuls\u00e9 par NAPA est le commanditaire national de site de la Tourn\u00e9e Les VE vont partout, et soutient la Tourn\u00e9e gr\u00e2ce \u00e0 son r\u00e9seau de centres certifi\u00e9s, tous dot\u00e9s des outils et de la formation n\u00e9cessaires \u00e0 l\u2019entretien des v\u00e9hicules \u00e9lectriques et hybrides.<\/p>\n<p>\u00ab\u00a0NAPA Canada est pr\u00eat pour la transition vers les v\u00e9hicules \u00e9lectriques, comme l\u2019a d\u00e9montr\u00e9 la province de Qu\u00e9bec, ayant m\u00eame fait preuve de leadership \u00e0 bien des \u00e9gards \u00bb, a d\u00e9clar\u00e9 Yves Racette, directeur d\u00e9veloppement des Programmes NAPA Haute Tension\/NexDrive. \u00ab Avec NexDrive, quel que soit leur v\u00e9hicule, nous nous assurons que nos clientes et clients puissent avoir confiance en nos installations et nos techniciennes et techniciens, qui sont \u00e9quip\u00e9s et form\u00e9s pour entretenir tout type de v\u00e9hicule.\u00a0\u00bb<\/p>\n<p>Les essais routiers dans le cadre des Expositions ambulantes de VE sont offerts selon le principe du premier arriv\u00e9, premier servi (aucune r\u00e9servation).<\/p>\n<p><a href=\"https:\/\/www.plugndrive.ca\/event\/exposition-ambulante-de-ve-napa-autopro-service-mecanique-grenier\/\"><strong>Exposition ambulante de VE chez NAPA AUTOPRO \u2013 Service M\u00e9canique Grenier<\/strong><\/a><\/p>\n<p>Mardi 23 septembre 2025 de 10 h \u00e0 17 h<\/p>\n<p>2277 Boul. Louis-XIV<\/p>\n<p>Qu\u00e9bec, QC\u00a0 G1C 1A4<\/p>\n<p><a href=\"https:\/\/www.plugndrive.ca\/event\/exposition-ambulante-de-ve-napa-autopro-lajeunesse-et-freres-inc\/\"><strong>Exposition ambulante de VE chez NAPA AUTOPRO \u2013 Lajeunesse et Fr\u00e8res Inc.<\/strong><\/a><\/p>\n<p>Mardi 30 septembre 2025 de 10 h \u00e0 17 h<\/p>\n<p>9698 Boul. Sainte-Anne<\/p>\n<p>Sainte-Anne-de-Beaupr\u00e9, QC\u00a0 G0A 3C0<\/p>\n<p><a href=\"https:\/\/www.plugndrive.ca\/event\/exposition-ambulante-de-ve-napa-pieces-dautos\/\"><strong>Exposition ambulante de VE chez NAPA Pi\u00e8ces d\u2019autos \u2013 Pi\u00e8ces d\u2019autos CPR Inc.<\/strong><\/a><\/p>\n<p>Mercredi 1<sup>er<\/sup> octobre 2025 de 10 h \u00e0 17 h<\/p>\n<p>362 Rue Adanac<\/p>\n<p>Qu\u00e9bec, QC\u00a0 G0A 3C0<\/p>\n<p><strong>Calendrier pr\u00e9vu de la Tourn\u00e9e\u00a0<\/strong><\/p>\n<p>RDV Est du Canada 2025<\/p>\n<p>RDV Ouest du Canada 2025<\/p>\n<p>D\u00e9couvrez la <a href=\"https:\/\/www.plugndrive.ca\/les-ve-vont-partout\/\">Tourn\u00e9e pancanadienne Les VE vont partout<\/a> de Plug\u2019n Drive.<\/p>\n<p><strong>\u00c0 propos de Plug\u2019n Drive\u00a0<\/strong><\/p>\n<p>Plug\u2019n Drive est une organisation \u00e0 but non lucratif qui acc\u00e9l\u00e8re l\u2019adoption des VE au Canada afin de maximiser les avantages environnementaux et \u00e9conomiques d\u2019un secteur des transports \u00e9lectrifi\u00e9. Notre vision est d\u2019aider le Canada \u00e0 atteindre son objectif de vente 100\u00a0% de v\u00e9hicules \u00e9lectriques d\u2019ici 2035, ou avant. Depuis 2011, nous avons fait d\u2019incroyables progr\u00e8s dans notre mission gr\u00e2ce \u00e0 une vari\u00e9t\u00e9 de programmes d\u2019\u00e9ducation des consommateurs, incluant le lancement du premier Electric Vehicle Discovery Centre (CDVE) au monde \u00e0 Toronto, la s\u00e9rie d\u2019\u00e9v\u00e9nements Exposition ambulante de VE, ainsi que la Remorque d\u2019\u00e9ducation sur les VE (RDV) mobile. Nos partenariats corporatifs comprennent des constructeurs de VE, des services publics, des fabricants de bornes de recharge de VE, et autres. Pour plus d\u2019information sur les programmes, les services, et les \u00e9v\u00e9nements de Plug\u2019n Drive, visitez <a href=\"https:\/\/plugndrive.ca\/\" target=\"_blank\" rel=\"noopener\">plugndrive.ca<\/a> et <a href=\"https:\/\/lp.constantcontactpages.com\/su\/f6ww8XS\/subscribe\" target=\"_blank\" rel=\"noopener\">inscrivez-vous \u00e0 notre bulletin d\u2019information<\/a>. Rejoignez notre communaut\u00e9 sur <a href=\"https:\/\/www.facebook.com\/PlugNDrive\" target=\"_blank\" rel=\"noopener\">Facebook<\/a>, <a href=\"https:\/\/twitter.com\/plugn_drive\" target=\"_blank\" rel=\"noopener\">Twitter<\/a>, <a href=\"https:\/\/www.instagram.com\/plugndrive\/\" target=\"_blank\" rel=\"noopener\">Instagram<\/a> et <a href=\"https:\/\/www.linkedin.com\/company\/plug'n-drive\" target=\"_blank\" rel=\"noopener\">LinkedIn<\/a>.<\/p>\n<p><strong>Pour plus d\u2019information, ou pour organiser une entrevue, veuillez contacter\u00a0:\u00a0<\/strong><\/p>\n<p><strong>Alan Downward<\/strong><\/p>\n<p>Conseiller en communications, Plug\u2019n Drive<\/p>\n<p><a href=\"mailto:alan@plugndrive.ca\">alan@plugndrive.ca<\/a>\u00a0\u00a0<\/p>\n<p><strong>(647) 449-9715<\/strong><\/p>\n","protected":false},"excerpt":{"rendered":"<p>Du 18 septembre au 5 octobre, venez faire l\u2019exp\u00e9rience des VE, trouvez r\u00e9ponses \u00e0 vos questions aupr\u00e8s d\u2019experts locaux, et courrez la change de gagner 250 000 points Avion RBC! Ville de Qu\u00e9bec, Qc, 11 septembre, 2025 \u2013 La Tourn\u00e9e pancanadienne Les VE vont partout de Plug\u2019n Drive arrive \u00e0 Qu\u00e9bec avec sa Remorque d\u2019\u00e9ducation [&hellip;]<\/p>\n","protected":false},"author":1,"featured_media":83645,"comment_status":"closed","ping_status":"closed","sticky":false,"template":"","format":"standard","meta":{"site-sidebar-layout":"default","site-content-layout":"","ast-site-content-layout":"default","site-content-style":"default","site-sidebar-style":"default","ast-global-header-display":"","ast-banner-title-visibility":"","ast-main-header-display":"","ast-hfb-above-header-display":"","ast-hfb-below-header-display":"","ast-hfb-mobile-header-display":"","site-post-title":"","ast-breadcrumbs-content":"","ast-featured-img":"","footer-sml-layout":"","ast-disable-related-posts":"","theme-transparent-header-meta":"","adv-header-id-meta":"","stick-header-meta":"","header-above-stick-meta":"","header-main-stick-meta":"","header-below-stick-meta":"","astra-migrate-meta-layouts":"default","ast-page-background-enabled":"default","ast-page-background-meta":{"desktop":{"background-color":"","background-image":"","background-repeat":"repeat","background-position":"center center","background-size":"auto","background-attachment":"scroll","background-type":"","background-media":"","overlay-type":"","overlay-color":"","overlay-opacity":"","overlay-gradient":""},"tablet":{"background-color":"","background-image":"","background-repeat":"repeat","background-position":"center center","background-size":"auto","background-attachment":"scroll","background-type":"","background-media":"","overlay-type":"","overlay-color":"","overlay-opacity":"","overlay-gradient":""},"mobile":{"background-color":"","background-image":"","background-repeat":"repeat","background-position":"center center","background-size":"auto","background-attachment":"scroll","background-type":"","background-media":"","overlay-type":"","overlay-color":"","overlay-opacity":"","overlay-gradient":""}},"ast-content-background-meta":{"desktop":{"background-color":"var(--ast-global-color-5)","background-image":"","background-repeat":"repeat","background-position":"center center","background-size":"auto","background-attachment":"scroll","background-type":"","background-media":"","overlay-type":"","overlay-color":"","overlay-opacity":"","overlay-gradient":""},"tablet":{"background-color":"var(--ast-global-color-5)","background-image":"","background-repeat":"repeat","background-position":"center center","background-size":"auto","background-attachment":"scroll","background-type":"","background-media":"","overlay-type":"","overlay-color":"","overlay-opacity":"","overlay-gradient":""},"mobile":{"background-color":"var(--ast-global-color-5)","background-image":"","background-repeat":"repeat","background-position":"center center","background-size":"auto","background-attachment":"scroll","background-type":"","background-media":"","overlay-type":"","overlay-color":"","overlay-opacity":"","overlay-gradient":""}},"footnotes":""},"categories":[4],"tags":[],"class_list":["post-83644","post","type-post","status-publish","format-standard","has-post-thumbnail","hentry","category-e-cars"],"_links":{"self":[{"href":"http:\/\/autosector.com\/index.php?rest_route=\/wp\/v2\/posts\/83644","targetHints":{"allow":["GET"]}}],"collection":[{"href":"http:\/\/autosector.com\/index.php?rest_route=\/wp\/v2\/posts"}],"about":[{"href":"http:\/\/autosector.com\/index.php?rest_route=\/wp\/v2\/types\/post"}],"author":[{"embeddable":true,"href":"http:\/\/autosector.com\/index.php?rest_route=\/wp\/v2\/users\/1"}],"replies":[{"embeddable":true,"href":"http:\/\/autosector.com\/index.php?rest_route=%2Fwp%2Fv2%2Fcomments&post=83644"}],"version-history":[{"count":0,"href":"http:\/\/autosector.com\/index.php?rest_route=\/wp\/v2\/posts\/83644\/revisions"}],"wp:featuredmedia":[{"embeddable":true,"href":"http:\/\/autosector.com\/index.php?rest_route=\/wp\/v2\/media\/83645"}],"wp:attachment":[{"href":"http:\/\/autosector.com\/index.php?rest_route=%2Fwp%2Fv2%2Fmedia&parent=83644"}],"wp:term":[{"taxonomy":"category","embeddable":true,"href":"http:\/\/autosector.com\/index.php?rest_route=%2Fwp%2Fv2%2Fcategories&post=83644"},{"taxonomy":"post_tag","embeddable":true,"href":"http:\/\/autosector.com\/index.php?rest_route=%2Fwp%2Fv2%2Ftags&post=83644"}],"curies":[{"name":"wp","href":"https:\/\/api.w.org\/{rel}","templated":true}]}}