{"id":84005,"date":"2025-10-16T14:27:11","date_gmt":"2025-10-16T18:27:11","guid":{"rendered":"http:\/\/autosector.com\/?p=84005"},"modified":"2025-10-16T14:27:11","modified_gmt":"2025-10-16T18:27:11","slug":"real-madrid-bmw-cars-2025-26-season","status":"publish","type":"post","link":"http:\/\/autosector.com\/?p=84005","title":{"rendered":"Here\u2019s What BMWs Real Madrid Players Are Driving This Season"},"content":{"rendered":"<p>The partnership between BMW and Real Madrid continues to grow stronger. This week, players from the first team received their new BMW vehicles for the 2024\/25 season during a handover event held at the club\u2019s Valdebebas training complex. The collaboration, <a href=\"https:\/\/www.bmwblog.com\/2022\/11\/15\/real-madrid-players-take-delivery-of-their-new-electric-bmws\/\">which began in July 2022<\/a>, has become one of the most visible alliances in European sport. To support the ever growing fleet of electric cars among players, BMW has installed more than 80 electric chargers at Valdebebas, ensuring every player can charge their vehicle conveniently throughout the season.<\/p>\n<h3>i7 Tops the List of Player Choices<\/h3>\n<p><a href=\"https:\/\/cdn.bmwblog.com\/wp-content\/uploads\/2025\/10\/bmw-cars-real-madrid-players-2025-12.jpg\"><noscript><img fetchpriority=\"high\" decoding=\"async\" class=\"alignnone wp-image-506605 size-medium\" title=\"BMW CARS REAL MADRID PLAYERS 2025 12\" src=\"https:\/\/cdn.bmwblog.com\/wp-content\/uploads\/2025\/10\/bmw-cars-real-madrid-players-2025-12-830x554.jpg\" alt=\"Vini Jr and his BMW i7\" width=\"830\" height=\"554\" srcset=\"https:\/\/cdn.bmwblog.com\/wp-content\/uploads\/2025\/10\/bmw-cars-real-madrid-players-2025-12-830x553.jpg 830w, https:\/\/cdn.bmwblog.com\/wp-content\/uploads\/2025\/10\/bmw-cars-real-madrid-players-2025-12-1535x1024.jpg 1535w, https:\/\/cdn.bmwblog.com\/wp-content\/uploads\/2025\/10\/bmw-cars-real-madrid-players-2025-12-768x512.jpg 768w, https:\/\/cdn.bmwblog.com\/wp-content\/uploads\/2025\/10\/bmw-cars-real-madrid-players-2025-12-1536x1025.jpg 1536w, https:\/\/cdn.bmwblog.com\/wp-content\/uploads\/2025\/10\/bmw-cars-real-madrid-players-2025-12-300x200.jpg 300w, https:\/\/cdn.bmwblog.com\/wp-content\/uploads\/2025\/10\/bmw-cars-real-madrid-players-2025-12.jpg 1920w\" sizes=\"(max-width: 830px) 100vw, 830px\"\/><\/noscript><img decoding=\"async\" class=\"lazyload alignnone wp-image-506605 size-medium\" title=\"BMW CARS REAL MADRID PLAYERS 2025 12\" src=\"data:image\/svg+xml,%3Csvg%20xmlns=%22http:\/\/www.w3.org\/2000\/svg%22%20viewBox=%220%200%20830%20554%22%3E%3C\/svg%3E\" data-src=\"https:\/\/cdn.bmwblog.com\/wp-content\/uploads\/2025\/10\/bmw-cars-real-madrid-players-2025-12-830x554.jpg\" alt=\"Vini Jr and his BMW i7\" width=\"830\" height=\"554\" data-srcset=\"https:\/\/cdn.bmwblog.com\/wp-content\/uploads\/2025\/10\/bmw-cars-real-madrid-players-2025-12-830x553.jpg 830w, https:\/\/cdn.bmwblog.com\/wp-content\/uploads\/2025\/10\/bmw-cars-real-madrid-players-2025-12-1535x1024.jpg 1535w, https:\/\/cdn.bmwblog.com\/wp-content\/uploads\/2025\/10\/bmw-cars-real-madrid-players-2025-12-768x512.jpg 768w, https:\/\/cdn.bmwblog.com\/wp-content\/uploads\/2025\/10\/bmw-cars-real-madrid-players-2025-12-1536x1025.jpg 1536w, https:\/\/cdn.bmwblog.com\/wp-content\/uploads\/2025\/10\/bmw-cars-real-madrid-players-2025-12-300x200.jpg 300w, https:\/\/cdn.bmwblog.com\/wp-content\/uploads\/2025\/10\/bmw-cars-real-madrid-players-2025-12.jpg 1920w\" data-sizes=\"(max-width: 830px) 100vw, 830px\"\/><\/a><\/p>\n<p>The all-electric BMW i7 once again proved to be the most popular model among the Real Madrid squad. The flagship sedan combines innovation, comfort, and long-range capability, offering up to 625 kilometers (WLTP) of range thanks to its 101.7-kWh battery.<\/p>\n<p>Manager Xabi Alonso selected the i7 as his car for the season, joined by stars Vin\u00edcius Jr., Kylian Mbapp\u00e9, Dani Carvajal, \u00c9der Milit\u00e3o, Antonio R\u00fcdiger, Endrick, Arda G\u00fcler, Rodri, and Marco Asensio. Some opted for the top-tier BMW i7 M70 xDrive, delivering 660 horsepower (485 kW).<\/p>\n<h3>BMW XM: The Bold Choice<\/h3>\n<p><a href=\"https:\/\/cdn.bmwblog.com\/wp-content\/uploads\/2025\/10\/bmw-cars-real-madrid-players-2025-07.jpg\"><noscript><img decoding=\"async\" class=\"alignnone wp-image-506608 size-medium\" title=\"BMW CARS REAL MADRID PLAYERS 2025 07\" src=\"https:\/\/cdn.bmwblog.com\/wp-content\/uploads\/2025\/10\/bmw-cars-real-madrid-players-2025-07-830x554.jpg\" alt=\"Courtois gets a BMW XM\" width=\"830\" height=\"554\" srcset=\"https:\/\/cdn.bmwblog.com\/wp-content\/uploads\/2025\/10\/bmw-cars-real-madrid-players-2025-07-830x553.jpg 830w, https:\/\/cdn.bmwblog.com\/wp-content\/uploads\/2025\/10\/bmw-cars-real-madrid-players-2025-07-1535x1024.jpg 1535w, https:\/\/cdn.bmwblog.com\/wp-content\/uploads\/2025\/10\/bmw-cars-real-madrid-players-2025-07-768x512.jpg 768w, https:\/\/cdn.bmwblog.com\/wp-content\/uploads\/2025\/10\/bmw-cars-real-madrid-players-2025-07-1536x1025.jpg 1536w, https:\/\/cdn.bmwblog.com\/wp-content\/uploads\/2025\/10\/bmw-cars-real-madrid-players-2025-07-300x200.jpg 300w, https:\/\/cdn.bmwblog.com\/wp-content\/uploads\/2025\/10\/bmw-cars-real-madrid-players-2025-07.jpg 1920w\" sizes=\"(max-width: 830px) 100vw, 830px\"\/><\/noscript><img loading=\"lazy\" decoding=\"async\" class=\"lazyload alignnone wp-image-506608 size-medium\" title=\"BMW CARS REAL MADRID PLAYERS 2025 07\" src=\"data:image\/svg+xml,%3Csvg%20xmlns=%22http:\/\/www.w3.org\/2000\/svg%22%20viewBox=%220%200%20830%20554%22%3E%3C\/svg%3E\" data-src=\"https:\/\/cdn.bmwblog.com\/wp-content\/uploads\/2025\/10\/bmw-cars-real-madrid-players-2025-07-830x554.jpg\" alt=\"Courtois gets a BMW XM\" width=\"830\" height=\"554\" data-srcset=\"https:\/\/cdn.bmwblog.com\/wp-content\/uploads\/2025\/10\/bmw-cars-real-madrid-players-2025-07-830x553.jpg 830w, https:\/\/cdn.bmwblog.com\/wp-content\/uploads\/2025\/10\/bmw-cars-real-madrid-players-2025-07-1535x1024.jpg 1535w, https:\/\/cdn.bmwblog.com\/wp-content\/uploads\/2025\/10\/bmw-cars-real-madrid-players-2025-07-768x512.jpg 768w, https:\/\/cdn.bmwblog.com\/wp-content\/uploads\/2025\/10\/bmw-cars-real-madrid-players-2025-07-1536x1025.jpg 1536w, https:\/\/cdn.bmwblog.com\/wp-content\/uploads\/2025\/10\/bmw-cars-real-madrid-players-2025-07-300x200.jpg 300w, https:\/\/cdn.bmwblog.com\/wp-content\/uploads\/2025\/10\/bmw-cars-real-madrid-players-2025-07.jpg 1920w\" data-sizes=\"(max-width: 830px) 100vw, 830px\"\/><\/a><\/p>\n<p>For others, the perfect match came in the form of the BMW XM. Brahim D\u00edaz was among those who chose the XM, joined by Thibaut Courtois, Jude Bellingham, Rodrygo, Ferland Mendy, and young defender Huijsen. With a starting price of around $210,000, the <a href=\"https:\/\/www.bmwblog.com\/2023\/06\/19\/2023-bmw-xm-review\/\">XM<\/a> stands out as one of the most exclusive models in the Real Madrid fleet.<\/p>\n<h3>Other Models Round Out the Fleet<\/h3>\n<p><a href=\"https:\/\/cdn.bmwblog.com\/wp-content\/uploads\/2025\/10\/bmw-cars-real-madrid-players-2025-09.jpg\"><noscript><img loading=\"lazy\" decoding=\"async\" class=\"alignnone wp-image-506609 size-medium\" title=\"BMW CARS REAL MADRID PLAYERS 2025 09\" src=\"https:\/\/cdn.bmwblog.com\/wp-content\/uploads\/2025\/10\/bmw-cars-real-madrid-players-2025-09-830x554.jpg\" alt=\"Franco Mastantuono gets a BMW i4 M60\" width=\"830\" height=\"554\" srcset=\"https:\/\/cdn.bmwblog.com\/wp-content\/uploads\/2025\/10\/bmw-cars-real-madrid-players-2025-09-830x553.jpg 830w, https:\/\/cdn.bmwblog.com\/wp-content\/uploads\/2025\/10\/bmw-cars-real-madrid-players-2025-09-1535x1024.jpg 1535w, https:\/\/cdn.bmwblog.com\/wp-content\/uploads\/2025\/10\/bmw-cars-real-madrid-players-2025-09-768x512.jpg 768w, https:\/\/cdn.bmwblog.com\/wp-content\/uploads\/2025\/10\/bmw-cars-real-madrid-players-2025-09-1536x1025.jpg 1536w, https:\/\/cdn.bmwblog.com\/wp-content\/uploads\/2025\/10\/bmw-cars-real-madrid-players-2025-09-300x200.jpg 300w, https:\/\/cdn.bmwblog.com\/wp-content\/uploads\/2025\/10\/bmw-cars-real-madrid-players-2025-09.jpg 1920w\" sizes=\"(max-width: 830px) 100vw, 830px\"\/><\/noscript><img loading=\"lazy\" decoding=\"async\" class=\"lazyload alignnone wp-image-506609 size-medium\" title=\"BMW CARS REAL MADRID PLAYERS 2025 09\" src=\"data:image\/svg+xml,%3Csvg%20xmlns=%22http:\/\/www.w3.org\/2000\/svg%22%20viewBox=%220%200%20830%20554%22%3E%3C\/svg%3E\" data-src=\"https:\/\/cdn.bmwblog.com\/wp-content\/uploads\/2025\/10\/bmw-cars-real-madrid-players-2025-09-830x554.jpg\" alt=\"Franco Mastantuono gets a BMW i4 M60\" width=\"830\" height=\"554\" data-srcset=\"https:\/\/cdn.bmwblog.com\/wp-content\/uploads\/2025\/10\/bmw-cars-real-madrid-players-2025-09-830x553.jpg 830w, https:\/\/cdn.bmwblog.com\/wp-content\/uploads\/2025\/10\/bmw-cars-real-madrid-players-2025-09-1535x1024.jpg 1535w, https:\/\/cdn.bmwblog.com\/wp-content\/uploads\/2025\/10\/bmw-cars-real-madrid-players-2025-09-768x512.jpg 768w, https:\/\/cdn.bmwblog.com\/wp-content\/uploads\/2025\/10\/bmw-cars-real-madrid-players-2025-09-1536x1025.jpg 1536w, https:\/\/cdn.bmwblog.com\/wp-content\/uploads\/2025\/10\/bmw-cars-real-madrid-players-2025-09-300x200.jpg 300w, https:\/\/cdn.bmwblog.com\/wp-content\/uploads\/2025\/10\/bmw-cars-real-madrid-players-2025-09.jpg 1920w\" data-sizes=\"(max-width: 830px) 100vw, 830px\"\/><\/a><\/p>\n<p>Not every player went for BMW\u2019s largest or most powerful models. Mastantuono selected the compact i4 M60 Gran Coup\u00e9, while Eduardo Camavinga and Trent Alexander-Arnold chose the iX xDrive60, BMW\u2019s all-electric SUV with more than 500 kilometers of range.<\/p>\n<p>Goalkeeper Andriy Lunin went a different route, opting for the BMW M5 Sedan, the only petrol-powered car among this year\u2019s selections. The 600-plus horsepower sedan remains a favorite for drivers who value traditional performance alongside everyday usability.<\/p>\n<h3>BMW Replaced Audi in 2022<\/h3>\n<p>BMW replaced Audi as Real Madrid\u2019s automotive partner in 2022, marking a new era focused on innovation and sustainability. The agreement extends across the club\u2019s men\u2019s and women\u2019s football and basketball teams, as well as the coaching staff. Last year, Real Madrid Femenino received their first BMW vehicles\u2014mostly the compact iX1\u2014reinforcing BMW\u2019s goal to support the club\u2019s entire sporting ecosystem with electrified mobility. BMW\u2019s logo has become a familiar sight around Real Madrid \u2014 appearing throughout the club\u2019s media, at the Valdebebas training center, and inside the renovated Santiago Bernab\u00e9u Stadium.<\/p>\n","protected":false},"excerpt":{"rendered":"<p>The partnership between BMW and Real Madrid continues to grow stronger. This week, players from the first team received their new BMW vehicles for the 2024\/25 season during a handover event held at the club\u2019s Valdebebas training complex. The collaboration, which began in July 2022, has become one of the most visible alliances in European [&hellip;]<\/p>\n","protected":false},"author":1,"featured_media":84006,"comment_status":"closed","ping_status":"closed","sticky":false,"template":"","format":"standard","meta":{"site-sidebar-layout":"default","site-content-layout":"","ast-site-content-layout":"default","site-content-style":"default","site-sidebar-style":"default","ast-global-header-display":"","ast-banner-title-visibility":"","ast-main-header-display":"","ast-hfb-above-header-display":"","ast-hfb-below-header-display":"","ast-hfb-mobile-header-display":"","site-post-title":"","ast-breadcrumbs-content":"","ast-featured-img":"","footer-sml-layout":"","ast-disable-related-posts":"","theme-transparent-header-meta":"","adv-header-id-meta":"","stick-header-meta":"","header-above-stick-meta":"","header-main-stick-meta":"","header-below-stick-meta":"","astra-migrate-meta-layouts":"default","ast-page-background-enabled":"default","ast-page-background-meta":{"desktop":{"background-color":"","background-image":"","background-repeat":"repeat","background-position":"center center","background-size":"auto","background-attachment":"scroll","background-type":"","background-media":"","overlay-type":"","overlay-color":"","overlay-opacity":"","overlay-gradient":""},"tablet":{"background-color":"","background-image":"","background-repeat":"repeat","background-position":"center center","background-size":"auto","background-attachment":"scroll","background-type":"","background-media":"","overlay-type":"","overlay-color":"","overlay-opacity":"","overlay-gradient":""},"mobile":{"background-color":"","background-image":"","background-repeat":"repeat","background-position":"center center","background-size":"auto","background-attachment":"scroll","background-type":"","background-media":"","overlay-type":"","overlay-color":"","overlay-opacity":"","overlay-gradient":""}},"ast-content-background-meta":{"desktop":{"background-color":"var(--ast-global-color-5)","background-image":"","background-repeat":"repeat","background-position":"center center","background-size":"auto","background-attachment":"scroll","background-type":"","background-media":"","overlay-type":"","overlay-color":"","overlay-opacity":"","overlay-gradient":""},"tablet":{"background-color":"var(--ast-global-color-5)","background-image":"","background-repeat":"repeat","background-position":"center center","background-size":"auto","background-attachment":"scroll","background-type":"","background-media":"","overlay-type":"","overlay-color":"","overlay-opacity":"","overlay-gradient":""},"mobile":{"background-color":"var(--ast-global-color-5)","background-image":"","background-repeat":"repeat","background-position":"center center","background-size":"auto","background-attachment":"scroll","background-type":"","background-media":"","overlay-type":"","overlay-color":"","overlay-opacity":"","overlay-gradient":""}},"footnotes":""},"categories":[2],"tags":[],"class_list":["post-84005","post","type-post","status-publish","format-standard","has-post-thumbnail","hentry","category-industry"],"_links":{"self":[{"href":"http:\/\/autosector.com\/index.php?rest_route=\/wp\/v2\/posts\/84005","targetHints":{"allow":["GET"]}}],"collection":[{"href":"http:\/\/autosector.com\/index.php?rest_route=\/wp\/v2\/posts"}],"about":[{"href":"http:\/\/autosector.com\/index.php?rest_route=\/wp\/v2\/types\/post"}],"author":[{"embeddable":true,"href":"http:\/\/autosector.com\/index.php?rest_route=\/wp\/v2\/users\/1"}],"replies":[{"embeddable":true,"href":"http:\/\/autosector.com\/index.php?rest_route=%2Fwp%2Fv2%2Fcomments&post=84005"}],"version-history":[{"count":0,"href":"http:\/\/autosector.com\/index.php?rest_route=\/wp\/v2\/posts\/84005\/revisions"}],"wp:featuredmedia":[{"embeddable":true,"href":"http:\/\/autosector.com\/index.php?rest_route=\/wp\/v2\/media\/84006"}],"wp:attachment":[{"href":"http:\/\/autosector.com\/index.php?rest_route=%2Fwp%2Fv2%2Fmedia&parent=84005"}],"wp:term":[{"taxonomy":"category","embeddable":true,"href":"http:\/\/autosector.com\/index.php?rest_route=%2Fwp%2Fv2%2Fcategories&post=84005"},{"taxonomy":"post_tag","embeddable":true,"href":"http:\/\/autosector.com\/index.php?rest_route=%2Fwp%2Fv2%2Ftags&post=84005"}],"curies":[{"name":"wp","href":"https:\/\/api.w.org\/{rel}","templated":true}]}}