{"id":84575,"date":"2026-01-07T08:02:08","date_gmt":"2026-01-07T13:02:08","guid":{"rendered":"https:\/\/autosector.com\/?p=84575"},"modified":"2026-01-07T08:02:08","modified_gmt":"2026-01-07T13:02:08","slug":"bmw-built-one-million-cars-germany-2025","status":"publish","type":"post","link":"http:\/\/autosector.com\/?p=84575","title":{"rendered":"BMW Cranked Out Over One Million Cars In Germany In 2025"},"content":{"rendered":"<p>The BMW Group is an automotive juggernaut, operating more than 10 vehicle assembly plants worldwide. A significant share of its production remains at home in Germany, where the luxury automaker runs four factories. The facilities in Dingolfing, Leipzig, Munich, and Regensburg build a wide range of models, from the compact 1 Series to the flagship 7 Series.<\/p>\n<p>In 2025, production at BMW\u2019s German plants once again reached seven figures, with more than one million vehicles assembled locally. To put that into perspective, one in four cars built in Germany last year was either a BMW or a MINI. According to the German Association of the Automotive Industry (VDA), 4.15 million cars were produced nationwide, with BMW Group products accounting for roughly 25% of the total.<\/p>\n<p>Attached at the bottom is a table showing which models are produced at each of the four German plants. However, changes are on the horizon. For instance, <a href=\"https:\/\/www.bmwblog.com\/2025\/12\/11\/bmw-confirms-3-series-production-moving-dingolfing\/\">3 Series production<\/a> is moving from Munich to Dingolfing, coinciding with the arrival of the \u201cG50\u201d later this year. In addition, the fully electric i3 sedan (\u201cNA0\u201d) will enter production in Munich in the second half of 2026.<\/p>\n<p><a href=\"https:\/\/cdn.bmwblog.com\/wp-content\/uploads\/2024\/10\/bmw-plant-regensburg-07.jpg\"><img fetchpriority=\"high\" decoding=\"async\" class=\"alignnone wp-image-488698 size-medium\" title=\"bmw-dingolfing-m4-4-series-530e-00\" src=\"https:\/\/cdn.bmwblog.com\/wp-content\/uploads\/2024\/10\/bmw-plant-regensburg-07-830x553.jpg\" alt=\"\" width=\"830\" height=\"553\" srcset=\"https:\/\/cdn.bmwblog.com\/wp-content\/uploads\/2024\/10\/bmw-plant-regensburg-07-830x553.jpg 830w, https:\/\/cdn.bmwblog.com\/wp-content\/uploads\/2024\/10\/bmw-plant-regensburg-07-1536x1024.jpg 1536w, https:\/\/cdn.bmwblog.com\/wp-content\/uploads\/2024\/10\/bmw-plant-regensburg-07-768x512.jpg 768w, https:\/\/cdn.bmwblog.com\/wp-content\/uploads\/2024\/10\/bmw-plant-regensburg-07-300x200.jpg 300w, https:\/\/cdn.bmwblog.com\/wp-content\/uploads\/2024\/10\/bmw-plant-regensburg-07.jpg 1920w\" sizes=\"(max-width: 830px) 100vw, 830px\"\/><\/a><\/p>\n<p>Time is running out for the Dingolfing-made 8 Series, with the final examples scheduled to roll off the line in the coming months. Unfortunately, BMW has no plans for a direct successor. Although nothing has been officially confirmed, the 3 Series Touring may also miss out on a next generation. The gap left by the rumored \u201cG51\u201d could instead be filled by the unconfirmed <a href=\"https:\/\/www.bmwblog.com\/2025\/09\/24\/bmw-touring-models-electric-future\/\">i3 Touring<\/a> (\u201cNA1\u201d).<\/p>\n<p>Looking further ahead, the iX is unlikely to be renewed. Ending the polarizing electric SUV after a single generation would free up capacity for the next 3 Series. BMW likely sees little long-term need for another iX, especially with the <a href=\"https:\/\/www.bmwblog.com\/2025\/10\/18\/bmw-ix5-electric-suv-foggy-day-spy-video\/\">iX5<\/a> launching this year. Come 2027, a larger <a href=\"https:\/\/www.bmwblog.com\/2025\/05\/10\/bmw-ix7-m70-over-800-horsepower\/\">iX7<\/a> is expected to join the lineup. These first-ever models are likely to be built at the Spartanburg plant in South Carolina.<\/p>\n<p>Speaking of Neue Klasse products, the Regensburg plant is slated to build an NK model later this decade. Whether that will be the <a href=\"https:\/\/www.bmwblog.com\/2025\/12\/16\/2028-bmw-ix1-interior-spy-photos\/\">already spied next-generation iX1<\/a> or something else remains unclear. That \u201csomething else\u201d could be the i1 hatchback and\/or the i2 sedan, both expected before 2030.<\/p>\n<p>If sources close to BMW are correct, the Leipzig plant will phase out the 2 Series Active Tourer in October 2027. The minivan is unlikely to receive a successor because, well, it\u2019s a BMW minivan\u2026<\/p>\n<table border=\"1\" cellspacing=\"0\" cellpadding=\"0\">\n<tbody readability=\"13.5\">\n<tr>\n<td valign=\"top\"><strong>Factory<\/strong><\/td>\n<td valign=\"top\"><strong>Models Produced In 2025<\/strong><\/td>\n<td valign=\"top\"><strong>Drivetrain variants<\/strong><\/td>\n<\/tr>\n<tr readability=\"13\">\n<td valign=\"top\">Dingolfing<\/td>\n<td valign=\"top\">BMW 4 Series Convertible and Coup\u00e9, BMW 5 Series Sedan and Touring, BMW 7 Series, BMW 8 Series Convertible, Coup\u00e9 and Gran Coup\u00e9, BMW i5 Sedan and Touring, BMW i7, BMW iX, BMW M4 Convertible and Coup\u00e9, BMW M5 Sedan and Touring<\/td>\n<td valign=\"top\">BEV, ICE, PHEV<\/td>\n<\/tr>\n<tr readability=\"4\">\n<td valign=\"top\">Leipzig<\/td>\n<td valign=\"top\">BMW 1 Series, BMW 2 Series Active Tourer and Gran Coup\u00e9, MINI Countryman<\/td>\n<td valign=\"top\">BEV, ICE, PHEV<\/td>\n<\/tr>\n<tr readability=\"5\">\n<td valign=\"top\">Munich<\/td>\n<td valign=\"top\">BMW 3 Series Sedan and Touring, BMW 4 Series Gran Coup\u00e9, BMW i4, BMW M3 Sedan and Touring<\/td>\n<td valign=\"top\">BEV, ICE, PHEV<\/td>\n<\/tr>\n<tr readability=\"5\">\n<td valign=\"top\">Regensburg<\/td>\n<td valign=\"top\">BMW X1, BMW X2, BMW iX1, BMW iX2<\/td>\n<td valign=\"top\">BEV, ICE, PHEV<\/td>\n<\/tr>\n<\/tbody>\n<\/table>\n","protected":false},"excerpt":{"rendered":"<p>The BMW Group is an automotive juggernaut, operating more than 10 vehicle assembly plants worldwide. A significant share of its production remains at home in Germany, where the luxury automaker runs four factories. The facilities in Dingolfing, Leipzig, Munich, and Regensburg build a wide range of models, from the compact 1 Series to the flagship [&hellip;]<\/p>\n","protected":false},"author":1,"featured_media":84576,"comment_status":"closed","ping_status":"closed","sticky":false,"template":"","format":"standard","meta":{"site-sidebar-layout":"default","site-content-layout":"","ast-site-content-layout":"default","site-content-style":"default","site-sidebar-style":"default","ast-global-header-display":"","ast-banner-title-visibility":"","ast-main-header-display":"","ast-hfb-above-header-display":"","ast-hfb-below-header-display":"","ast-hfb-mobile-header-display":"","site-post-title":"","ast-breadcrumbs-content":"","ast-featured-img":"","footer-sml-layout":"","ast-disable-related-posts":"","theme-transparent-header-meta":"","adv-header-id-meta":"","stick-header-meta":"","header-above-stick-meta":"","header-main-stick-meta":"","header-below-stick-meta":"","astra-migrate-meta-layouts":"default","ast-page-background-enabled":"default","ast-page-background-meta":{"desktop":{"background-color":"","background-image":"","background-repeat":"repeat","background-position":"center center","background-size":"auto","background-attachment":"scroll","background-type":"","background-media":"","overlay-type":"","overlay-color":"","overlay-opacity":"","overlay-gradient":""},"tablet":{"background-color":"","background-image":"","background-repeat":"repeat","background-position":"center center","background-size":"auto","background-attachment":"scroll","background-type":"","background-media":"","overlay-type":"","overlay-color":"","overlay-opacity":"","overlay-gradient":""},"mobile":{"background-color":"","background-image":"","background-repeat":"repeat","background-position":"center center","background-size":"auto","background-attachment":"scroll","background-type":"","background-media":"","overlay-type":"","overlay-color":"","overlay-opacity":"","overlay-gradient":""}},"ast-content-background-meta":{"desktop":{"background-color":"var(--ast-global-color-5)","background-image":"","background-repeat":"repeat","background-position":"center center","background-size":"auto","background-attachment":"scroll","background-type":"","background-media":"","overlay-type":"","overlay-color":"","overlay-opacity":"","overlay-gradient":""},"tablet":{"background-color":"var(--ast-global-color-5)","background-image":"","background-repeat":"repeat","background-position":"center center","background-size":"auto","background-attachment":"scroll","background-type":"","background-media":"","overlay-type":"","overlay-color":"","overlay-opacity":"","overlay-gradient":""},"mobile":{"background-color":"var(--ast-global-color-5)","background-image":"","background-repeat":"repeat","background-position":"center center","background-size":"auto","background-attachment":"scroll","background-type":"","background-media":"","overlay-type":"","overlay-color":"","overlay-opacity":"","overlay-gradient":""}},"footnotes":""},"categories":[2],"tags":[],"class_list":["post-84575","post","type-post","status-publish","format-standard","has-post-thumbnail","hentry","category-industry"],"_links":{"self":[{"href":"http:\/\/autosector.com\/index.php?rest_route=\/wp\/v2\/posts\/84575","targetHints":{"allow":["GET"]}}],"collection":[{"href":"http:\/\/autosector.com\/index.php?rest_route=\/wp\/v2\/posts"}],"about":[{"href":"http:\/\/autosector.com\/index.php?rest_route=\/wp\/v2\/types\/post"}],"author":[{"embeddable":true,"href":"http:\/\/autosector.com\/index.php?rest_route=\/wp\/v2\/users\/1"}],"replies":[{"embeddable":true,"href":"http:\/\/autosector.com\/index.php?rest_route=%2Fwp%2Fv2%2Fcomments&post=84575"}],"version-history":[{"count":0,"href":"http:\/\/autosector.com\/index.php?rest_route=\/wp\/v2\/posts\/84575\/revisions"}],"wp:featuredmedia":[{"embeddable":true,"href":"http:\/\/autosector.com\/index.php?rest_route=\/wp\/v2\/media\/84576"}],"wp:attachment":[{"href":"http:\/\/autosector.com\/index.php?rest_route=%2Fwp%2Fv2%2Fmedia&parent=84575"}],"wp:term":[{"taxonomy":"category","embeddable":true,"href":"http:\/\/autosector.com\/index.php?rest_route=%2Fwp%2Fv2%2Fcategories&post=84575"},{"taxonomy":"post_tag","embeddable":true,"href":"http:\/\/autosector.com\/index.php?rest_route=%2Fwp%2Fv2%2Ftags&post=84575"}],"curies":[{"name":"wp","href":"https:\/\/api.w.org\/{rel}","templated":true}]}}