{"id":9205,"date":"2021-10-29T09:00:23","date_gmt":"2021-10-29T13:00:23","guid":{"rendered":"https:\/\/autosector.com\/auto\/?p=9205"},"modified":"2021-10-29T09:00:23","modified_gmt":"2021-10-29T13:00:23","slug":"jaguar-ipace-charging-fire-hungary","status":"publish","type":"post","link":"http:\/\/autosector.com\/?p=9205","title":{"rendered":"Jaguar I-Pace Catches Fire While Charging In Hungary"},"content":{"rendered":"<p>The <a href=\"https:\/\/insideevs.com\/jaguar\/\" data-inline-widget=\"internal-links\" data-type-id=\"2\" data-params=\"%7B%22alias%22%3A%22jaguar%22%7D\">Jaguar<\/a> <a href=\"https:\/\/insideevs.com\/jaguar\/i-pace\/\" data-inline-widget=\"internal-links\" data-type-id=\"1\" data-params=\"%7B%22make_alias%22%3A%22jaguar%22%2C%22alias%22%3A%22i-pace%22%7D\">I-Pace<\/a>\u00a0is not one of those cars you see <a href=\"https:\/\/insideevs.com\/news\/341515\/jaguar-i-pace-looks-toasty-after-fire-of-unknown-cause\/\" data-inline-widget=\"internal-links\" data-type-id=\"0\" data-params=\"%7B%22article_edition_id%22%3A%22341515%22%2C%22section%22%3A%221%22%2C%22alias%22%3A%22jaguar-i-pace-looks-toasty-after-fire-of-unknown-cause%22%7D\">catching fire<\/a> frequently. There have been a few instances in the past where an I-Pace went up in flames, but it is neither a common enough vehicle or particularly prone to it, so whenever we hear about a new one, it\u2019s surprising.<\/p>\n<p>One I-Pace that was charging next to a chemical warehouse in the Hungarian town of Sz\u00e9kesfeh\u00e9rv\u00e1r went up in flames on October 25. According to a report published by the local fire department, they had some trouble putting the fire out, because as is often the case with EV fires, it kept reigniting after it had apparently been extinguished.<\/p>\n<div itemscope=\"\" itemtype=\"https:\/\/schema.org\/ImageGallery\" class=\"msnt-photo-thumb-gallery inline \">\n            <meta itemprop=\"name\" content=\"Jaguar I-Pace Hungary Fire\"\/><br \/>\n                <meta itemprop=\"thumbnailUrl\" content=\"\"\/><\/p>\n<div class=\"msnt-photo-thumb-gallery-main-photo\">\n            <a href=\"\/photo\/6256131\/jaguar-i-pace-hungary-fire\/\" class=\"msnt-photo-thumb-gallery-main-photo-box\">\n                <picture class=\"lazy\"><source type=\"image\/webp\" data-srcset=\"https:\/\/cdn.motor1.com\/images\/mgl\/02lp2\/s1\/jaguar-i-pace-hungary-fire.webp\" srcset=\"https:\/\/cdn.motor1.com\/custom\/share\/placeholder_0.jpg\"><source type=\"image\/jpeg\" data-srcset=\"https:\/\/cdn.motor1.com\/images\/mgl\/02lp2\/s1\/jaguar-i-pace-hungary-fire.jpg\" srcset=\"https:\/\/cdn.motor1.com\/custom\/share\/placeholder_0.jpg\"><img decoding=\"async\" src=\"https:\/\/cdn.motor1.com\/custom\/share\/placeholder_0.jpg\" alt=\"Jaguar I-Pace Hungary Fire\" data-src=\"https:\/\/cdn.motor1.com\/images\/mgl\/02lp2\/s1\/jaguar-i-pace-hungary-fire.jpg\" class=\"desaturate\"\/>                <\/source><\/source><\/picture>\n            <\/a><\/p>\n<p><span class=\"value\">3<\/span> <span class=\"label\">Photos<\/span><\/p>\n<\/p><\/div>\n<\/div>\n<p>We translated the official statement and it says<\/p>\n<blockquote readability=\"11\">\n<p>While charging, an electric car caught fire on Sz\u00e1rcsa Street in Sz\u00e9kesfeh\u00e9rv\u00e1r on October 25. When the firefighters of Sz\u00e9kesfeh\u00e9rv\u00e1r arrived, the car was already burning in its entirety, and the high temperature damaged the insulation of the surrounding buildings and the packaging of the various building materials stored there. Firefighters extinguished the flame with two jets of foam and then removed the remains of the vehicle from near the buildings. It took nearly five more hours to fully extinguish as the battery pack began to heat up again and re-ignited.<\/p>\n<\/blockquote>\n<p>For reference, the Jaguar I-Pace has a battery pack made up lithium-ion cells supplied by LG Chem, which also supplied the defective batteries that prompted General Motors to recall the Bolt EV and Bolt EUV models; <a href=\"https:\/\/insideevs.com\/news\/540135\/lg-pay-1b-bolt-recall\/\" data-inline-widget=\"internal-links\" data-type-id=\"0\" data-params=\"%7B%22article_edition_id%22%3A%22540135%22%2C%22section%22%3A%221%22%2C%22alias%22%3A%22lg-pay-1b-bolt-recall%22%7D\">LG Chem cells<\/a> were also in the Hyundai Kona EV, also recalled due to a high risk of battery fire. The reason why we\u2019re not seeing as many Jaguar fires definitely has something to do with the fact that the Bolt EV (or the electric Kona) outsold the I-Pace three to one.<\/p>\n<p>There was another I-Pace fire reported a few weeks ago, this time in Redmond, Oregon. We\u2019re not sure if the vehicle in this instance was plugged in to charge, but the rest of the incident is very similar to what happened in Hungary &#8211; firefighters had trouble making sure they put out the battery fire, as it kept coming back, and it took them two hours to ensure it was completely extinguished.<\/p>\n<section contenteditable=\"false\" draggable=\"true\" data-widget=\"image\" data-border=\"\" data-id=\"6256135\" data-title=\"\"><picture class=\"lazy\"><source srcset=\"https:\/\/cdn.motor1.com\/custom\/share\/placeholder_0.jpg\" type=\"image\/webp\" media=\"(min-width: 1025px)\" data-srcset=\"https:\/\/cdn.motor1.com\/images\/mgl\/A9Mw2\/s1\/redmond-jaguar-i-pace-fire.webp\"\/><source srcset=\"https:\/\/cdn.motor1.com\/custom\/share\/placeholder_1.jpg\" type=\"image\/webp\" data-srcset=\"https:\/\/cdn.motor1.com\/images\/mgl\/A9Mw2\/s3\/redmond-jaguar-i-pace-fire.webp 1x,&#10;https:\/\/cdn.motor1.com\/images\/mgl\/A9Mw2\/s2\/redmond-jaguar-i-pace-fire.webp 2x\"\/><source srcset=\"https:\/\/cdn.motor1.com\/custom\/share\/placeholder_2.jpg\" type=\"image\/jpeg\" media=\"(min-width: 1025px)\" data-srcset=\"https:\/\/cdn.motor1.com\/images\/mgl\/A9Mw2\/s1\/redmond-jaguar-i-pace-fire.jpg\"\/><img decoding=\"async\" draggable=\"false\" src=\"https:\/\/cdn.motor1.com\/custom\/share\/placeholder_3.jpg\" alt=\"Redmond Jaguar I-Pace Fire\" data-srcset=\"https:\/\/cdn.motor1.com\/images\/mgl\/A9Mw2\/s3\/redmond-jaguar-i-pace-fire.jpg 1x,&#10;https:\/\/cdn.motor1.com\/images\/mgl\/A9Mw2\/s1\/redmond-jaguar-i-pace-fire.jpg 2x\" data-src=\"https:\/\/cdn.motor1.com\/images\/mgl\/A9Mw2\/s3\/redmond-jaguar-i-pace-fire.jpg\"\/> <\/picture><\/section>\n<p>According to\u00a0Battalion Chief Ken Brown for the Redmond fire department,<\/p>\n<blockquote readability=\"8\">\n<p>Crews made a quick initial knockdown, but called for reinforcements, as the severely damaged batteries posed a unique firefighting obstacle.<\/p>\n<\/blockquote>\n<p>Adding that they needed<\/p>\n<blockquote readability=\"5\">\n<p>Copious amounts of water to fully douse all flames and heat.<\/p>\n<\/blockquote>\n<section class=\"relatedContent-new\" contenteditable=\"false\" draggable=\"true\" data-widget=\"related-content\" data-widget-size=\"content\" data-params=\"%7B%22type_id%22%3A0%2C%22title_id%22%3A%22%22%2C%22items%22%3A%5B%7B%22article_edition_id%22%3A%22540391%22%2C%22title%22%3A%22Stuttgart%20Bus%20Depot%20Fire%20Likely%20Started%20By%20Charging%20Electric%20Bus%22%2C%22alias%22%3A%22stuttgart-bus-depot-fire-electricbus%22%2C%22section%22%3A%221%22%2C%22is_video%22%3A%221%22%2C%22images%22%3A%7B%22s5%22%3A%22https%3A%2F%2Fcdn.motor1.com%2Fimages%2Fmgl%2F9qbGb%2Fs5%2Fmercedes-benz-ecitaro-g.jpg%22%7D%7D%2C%7B%22article_edition_id%22%3A%22543282%22%2C%22title%22%3A%22Parking%20Facilities%20Are%20Still%20Banning%20Chevy%20Bolts%20Due%20To%20Fire%20Risk%22%2C%22alias%22%3A%22parking-lots-ban-chevy-bolts%22%2C%22section%22%3A%221%22%2C%22is_video%22%3A%220%22%2C%22images%22%3A%7B%22s5%22%3A%22https%3A%2F%2Fcdn.motor1.com%2Fimages%2Fmgl%2FWB3zN%2Fs5%2Fbolts-banned.jpg%22%7D%7D%5D%7D\">   <\/section>\n","protected":false},"excerpt":{"rendered":"<p>The Jaguar I-Pace\u00a0is not one of those cars you see catching fire frequently. There have been a few instances in the past where an I-Pace went up in flames, but it is neither a common enough vehicle or particularly prone to it, so whenever we hear about a new one, it\u2019s surprising. One I-Pace that [&hellip;]<\/p>\n","protected":false},"author":1,"featured_media":8313,"comment_status":"closed","ping_status":"closed","sticky":false,"template":"","format":"standard","meta":{"site-sidebar-layout":"default","site-content-layout":"","ast-site-content-layout":"default","site-content-style":"default","site-sidebar-style":"default","ast-global-header-display":"","ast-banner-title-visibility":"","ast-main-header-display":"","ast-hfb-above-header-display":"","ast-hfb-below-header-display":"","ast-hfb-mobile-header-display":"","site-post-title":"","ast-breadcrumbs-content":"","ast-featured-img":"","footer-sml-layout":"","ast-disable-related-posts":"","theme-transparent-header-meta":"","adv-header-id-meta":"","stick-header-meta":"","header-above-stick-meta":"","header-main-stick-meta":"","header-below-stick-meta":"","astra-migrate-meta-layouts":"default","ast-page-background-enabled":"default","ast-page-background-meta":{"desktop":{"background-color":"","background-image":"","background-repeat":"repeat","background-position":"center center","background-size":"auto","background-attachment":"scroll","background-type":"","background-media":"","overlay-type":"","overlay-color":"","overlay-opacity":"","overlay-gradient":""},"tablet":{"background-color":"","background-image":"","background-repeat":"repeat","background-position":"center center","background-size":"auto","background-attachment":"scroll","background-type":"","background-media":"","overlay-type":"","overlay-color":"","overlay-opacity":"","overlay-gradient":""},"mobile":{"background-color":"","background-image":"","background-repeat":"repeat","background-position":"center center","background-size":"auto","background-attachment":"scroll","background-type":"","background-media":"","overlay-type":"","overlay-color":"","overlay-opacity":"","overlay-gradient":""}},"ast-content-background-meta":{"desktop":{"background-color":"var(--ast-global-color-5)","background-image":"","background-repeat":"repeat","background-position":"center center","background-size":"auto","background-attachment":"scroll","background-type":"","background-media":"","overlay-type":"","overlay-color":"","overlay-opacity":"","overlay-gradient":""},"tablet":{"background-color":"var(--ast-global-color-5)","background-image":"","background-repeat":"repeat","background-position":"center center","background-size":"auto","background-attachment":"scroll","background-type":"","background-media":"","overlay-type":"","overlay-color":"","overlay-opacity":"","overlay-gradient":""},"mobile":{"background-color":"var(--ast-global-color-5)","background-image":"","background-repeat":"repeat","background-position":"center center","background-size":"auto","background-attachment":"scroll","background-type":"","background-media":"","overlay-type":"","overlay-color":"","overlay-opacity":"","overlay-gradient":""}},"footnotes":""},"categories":[4],"tags":[],"class_list":["post-9205","post","type-post","status-publish","format-standard","has-post-thumbnail","hentry","category-e-cars"],"_links":{"self":[{"href":"http:\/\/autosector.com\/index.php?rest_route=\/wp\/v2\/posts\/9205","targetHints":{"allow":["GET"]}}],"collection":[{"href":"http:\/\/autosector.com\/index.php?rest_route=\/wp\/v2\/posts"}],"about":[{"href":"http:\/\/autosector.com\/index.php?rest_route=\/wp\/v2\/types\/post"}],"author":[{"embeddable":true,"href":"http:\/\/autosector.com\/index.php?rest_route=\/wp\/v2\/users\/1"}],"replies":[{"embeddable":true,"href":"http:\/\/autosector.com\/index.php?rest_route=%2Fwp%2Fv2%2Fcomments&post=9205"}],"version-history":[{"count":0,"href":"http:\/\/autosector.com\/index.php?rest_route=\/wp\/v2\/posts\/9205\/revisions"}],"wp:featuredmedia":[{"embeddable":true,"href":"http:\/\/autosector.com\/index.php?rest_route=\/wp\/v2\/media\/8313"}],"wp:attachment":[{"href":"http:\/\/autosector.com\/index.php?rest_route=%2Fwp%2Fv2%2Fmedia&parent=9205"}],"wp:term":[{"taxonomy":"category","embeddable":true,"href":"http:\/\/autosector.com\/index.php?rest_route=%2Fwp%2Fv2%2Fcategories&post=9205"},{"taxonomy":"post_tag","embeddable":true,"href":"http:\/\/autosector.com\/index.php?rest_route=%2Fwp%2Fv2%2Ftags&post=9205"}],"curies":[{"name":"wp","href":"https:\/\/api.w.org\/{rel}","templated":true}]}}